[{"@context":"https:\/\/schema.org\/","@type":"Article","@id":"https:\/\/www.lnkm.cz\/kabelka-zimni-tony\/#Article","mainEntityOfPage":"https:\/\/www.lnkm.cz\/kabelka-zimni-tony\/","headline":"Kabelka: zimn\u00ed t\u00f3ny","name":"Kabelka: zimn\u00ed t\u00f3ny","description":"Kabelka je z\u00e1kladn\u00ed m\u00f3dn\u00ed dopln\u011bk ka\u017ed\u00e9 \u017eeny, bez kter\u00e9ho se jenom m\u00e1lokter\u00e1 z\u00a0n\u00e1s obejde. A\u0165 u\u017e do n\u00ed pot\u0159ebujeme uschovat pouze kl\u00ed\u010de, pen\u011b\u017eenku, doklady a mobil, nebo v\u00a0n\u00ed doslova uchov\u00e1v\u00e1me to nejd\u016fle\u017eit\u011bj\u0161\u00ed, co m\u00e1me, a nejr\u016fzn\u011bj\u0161\u00ed v\u011bci, kter\u00e9 bychom mohly ve \u0161kole, na univerzit\u011b, v\u00a0pr\u00e1ci nebo t\u0159eba jenom p\u0159i cest\u00e1ch za z\u00e1bavou pot\u0159ebovat. Proto je samoz\u0159ejm\u00e9, \u017ee si chceme tento<br><br><a class=\"more-link\" href=\"https:\/\/www.lnkm.cz\/kabelka-zimni-tony\/\">\u010c\u00edst v\u00edce<\/a>","datePublished":"2023-04-28","dateModified":"2023-04-28","author":{"@type":"Person","@id":"https:\/\/www.lnkm.cz\/author\/#Person","name":"lnkm.cz\n","url":"https:\/\/www.lnkm.cz\/author\/","identifier":1,"image":{"@type":"ImageObject","@id":"https:\/\/secure.gravatar.com\/avatar\/093836c6bc976bea6a4c3cd39f9136c261430c33201aa865249fef2be34e3fdb?s=96&d=mm&r=g","url":"https:\/\/secure.gravatar.com\/avatar\/093836c6bc976bea6a4c3cd39f9136c261430c33201aa865249fef2be34e3fdb?s=96&d=mm&r=g","height":96,"width":96}},"publisher":{"@type":"Organization","name":"lnkm.cz","logo":{"@type":"ImageObject","@id":"\/logo.png","url":"\/logo.png","width":600,"height":60}},"url":"https:\/\/www.lnkm.cz\/kabelka-zimni-tony\/","about":["M\u00f3da"],"wordCount":460,"articleBody":"Kabelka je z\u00e1kladn\u00ed m\u00f3dn\u00ed dopln\u011bk ka\u017ed\u00e9 \u017eeny, bez kter\u00e9ho se jenom m\u00e1lokter\u00e1 z\u00a0n\u00e1s obejde. A\u0165 u\u017e do n\u00ed pot\u0159ebujeme uschovat pouze kl\u00ed\u010de, pen\u011b\u017eenku, doklady a mobil, nebo v\u00a0n\u00ed doslova uchov\u00e1v\u00e1me to nejd\u016fle\u017eit\u011bj\u0161\u00ed, co m\u00e1me, a nejr\u016fzn\u011bj\u0161\u00ed v\u011bci, kter\u00e9 bychom mohly ve \u0161kole, na univerzit\u011b, v\u00a0pr\u00e1ci nebo t\u0159eba jenom p\u0159i cest\u00e1ch za z\u00e1bavou pot\u0159ebovat.Proto je samoz\u0159ejm\u00e9, \u017ee si chceme tento dopln\u011bk co nejl\u00e9pe p\u0159izp\u016fsobit ke v\u0161emu oble\u010den\u00ed, kter\u00e9 nos\u00edme ven. V\u00a0zimn\u00edch m\u011bs\u00edc\u00edch obzvl\u00e1\u0161\u0165, kdy st\u0159\u00edd\u00e1me maxim\u00e1ln\u011b kab\u00e1t a zimn\u00ed bundu, a ve\u0161ker\u00e9 oble\u010den\u00ed je skoro cel\u00e9 pod hutnou vrstvou pe\u0159\u00ed nebo um\u011bl\u00e9ho vl\u00e1kna, kter\u00e9 n\u00e1s chr\u00e1n\u00ed p\u0159ed chladem.1.\u00a0\u00a0\u00a0\u00a0\u00a0\u00a0 Hrav\u011b za ka\u017edou cenu Zima je hodn\u011b jednoduch\u00e1, co se stylu t\u00fd\u010de. Nejsp\u00ed\u0161 ka\u017ed\u00e1 z\u00a0n\u00e1s vlastn\u00ed \u010dern\u00fd kab\u00e1t nebo zimn\u00ed bundu, kter\u00e1 n\u00e1m dovoluje zkombinovat neonov\u00e9 prvky, kter\u00e9 by se jinak bily.Tak\u017ee pokud m\u00e1te neonov\u011b zelenou bundu a v\u011bt\u0161\u00ed psan\u00ed\u010dko neonov\u011b r\u016f\u017eov\u00e9 barvy, nen\u00ed to v\u00a0kombinaci s\u00a0\u010dern\u00fdm kab\u00e1tem a \u010dern\u00fdmi silonkami nebo leg\u00edny v\u016fbec \u017e\u00e1dn\u00fd probl\u00e9m. Men\u0161\u00ed typy kabelek se hod\u00ed ke krat\u0161\u00edm sukn\u00edm, na to nezapom\u00ednejte.2.\u00a0\u00a0\u00a0\u00a0\u00a0\u00a0 Sv\u011btl\u00e9 a b\u00e9\u017eov\u00e9 barvy do m\u011bsta Pokud m\u00e1te slabost pro velk\u00e9 kabely sv\u011btl\u00e9ho stylu, a\u0165 u\u017e jde o staror\u016f\u017eovou, b\u00e9\u017eovou, nebo sn\u011bhov\u011b b\u00edlou, ale tak\u00e9 bled\u011bmodrou, ur\u010dit\u011b si k\u00a0n\u00ed zvolte tmav\u00fd a hu\u0148at\u00fd kab\u00e1t, nebo bundu se svetrov\u00fdm \u00fapletem. Av\u0161ak i pokud m\u00e1te barevn\u00fd kab\u00e1t, m\u016f\u017eete jej zkombinovat s\u00a0barevnou kabelkou.Zvl\u00e1\u0161\u0165 s\u00a0v\u011bt\u0161\u00edm typem v\u00a0ho\u0159\u010dicov\u00e9 barv\u011b, ale tak\u00e9 \u010derven\u00e9 nebo r\u016f\u017eov\u00e9 barv\u011b. M\u011bjte v\u00a0hlav\u011b z\u00e1kladn\u00ed pravidlo o tom, \u017ee ke studen\u00e9mu odst\u00ednu barvy se hod\u00ed pastelov\u00fd odst\u00edn, proto se k\u00a0ocelov\u011b modr\u00e9mu kab\u00e1tu hod\u00ed sv\u011btlounce r\u016f\u017eov\u00e1 kabelka. Nebo k\u00a0br\u010d\u00e1lov\u00e9mu kab\u00e1tu se bude ur\u010dit\u011b skv\u011ble hodit v\u00ednov\u00e1 kabela, ale tak\u00e9 oce\u00e1nov\u00e1 mod\u0159.3.\u00a0\u00a0\u00a0\u00a0\u00a0\u00a0 St\u0159\u00edbro St\u0159\u00edbrn\u00e1, \u0161ed\u00e1 a b\u00edl\u00e1 barva jsou jednozna\u010dn\u011b barvy zimy. Pokud jsou to barvy, kter\u00e9 pr\u00e1v\u011b v\u00e1m lichot\u00ed nejv\u00edc, ur\u010dit\u011b si po\u0159i\u010fte \u0161edou kabelku se st\u0159\u00edbrn\u00fdm nebo b\u00edl\u00fdm zdoben\u00edm. Tyto typy kabelek se nav\u00edc hod\u00ed jak k\u00a0tmav\u00fdm kab\u00e1t\u016fm, tak i k\u00a0t\u011bm sv\u011btl\u00fdm, proto jimi nic nezkaz\u00edte.\u00a0                                                                                                                                                                                                                                                                                                                                                                                        5\/5 - (4 votes)        "},{"@context":"https:\/\/schema.org\/","@type":"BreadcrumbList","itemListElement":[{"@type":"ListItem","position":1,"name":"Kabelka: zimn\u00ed t\u00f3ny","item":"https:\/\/www.lnkm.cz\/kabelka-zimni-tony\/#breadcrumbitem"}]}]